{"id":941,"date":"2020-04-17T13:29:33","date_gmt":"2020-04-17T11:29:33","guid":{"rendered":"http:\/\/leachevrier.fr\/?p=941"},"modified":"2025-10-29T11:59:40","modified_gmt":"2025-10-29T10:59:40","slug":"slow-rev","status":"publish","type":"post","link":"https:\/\/leachevrier.fr\/index.php\/2020\/04\/17\/slow-rev\/","title":{"rendered":"Op\u00e9ration Slow Rev\u2019 &#8211; Mogador"},"content":{"rendered":"\n<p>Prise de son et montage sonore pour <strong>Op\u00e9ration Slow Rev&rsquo;<\/strong>, une fiction radio in situ en binaural pour le th\u00e9\u00e2tre de Mogador. En \u00e9coute <a href=\"https:\/\/www.youtube.com\/watch?v=pBIx84RiwHE&amp;t=141s\">ici<\/a>.<\/p>\n\n\n\n<figure class=\"wp-block-gallery columns-1 is-cropped\"><ul class=\"blocks-gallery-grid\"><li class=\"blocks-gallery-item\"><figure><img loading=\"lazy\" width=\"1024\" height=\"768\" src=\"http:\/\/leachevrier.fr\/wp-content\/uploads\/2020\/04\/Mogador-1024x768.jpeg\" alt=\"\" data-id=\"943\" data-link=\"http:\/\/leachevrier.fr\/?attachment_id=943\" class=\"wp-image-943\" srcset=\"https:\/\/leachevrier.fr\/wp-content\/uploads\/2020\/04\/Mogador-1024x768.jpeg 1024w, https:\/\/leachevrier.fr\/wp-content\/uploads\/2020\/04\/Mogador-150x113.jpeg 150w, https:\/\/leachevrier.fr\/wp-content\/uploads\/2020\/04\/Mogador-300x225.jpeg 300w, https:\/\/leachevrier.fr\/wp-content\/uploads\/2020\/04\/Mogador-768x576.jpeg 768w\" sizes=\"(max-width: 1024px) 100vw, 1024px\" \/><\/figure><\/li><\/ul><\/figure>\n\n\n\n<p>Le th\u00e9\u00e2tre de Mogador propose une exp\u00e9rience sonore \u00e0 \u00e9couter sur place, dans sa grande et belle salle de spectacle. <br>Installez vous confortablement dans l&rsquo;un de ses fauteuils rouges, et laissez vous emporter par l&rsquo;histoire de J\u00e9r\u00f4me et Mona : une histoire de hacking, une histoire de r\u00e9volution, une histoire de faille temporelle. Bref, une histoire qui tombe \u00e0 pic pendant cette p\u00e9riode de confinement !<br><br>Pour en savoir plus, n&rsquo;h\u00e9sitez pas \u00e0 consulter le <a href=\"https:\/\/www.theatremogador.com\/sites\/default\/files\/2020-04\/CP%20son%20binaural-narrative_7_04_20.pdf\">communiqu\u00e9 de presse<\/a> du Th\u00e9\u00e2tre de Mogador ou \u00e9couter cette <a href=\"https:\/\/www.radiofrance.fr\/franceinter\/podcasts\/capture-d-ecrans\/slow-rev-une-fiction-du-theatre-mogador-ouvrez-vos-oreilles-a-3600-5604608\">\u00e9mission <\/a>sur France Inter !<br><\/p>\n\n\n\n<p><br><strong>CR\u00c9DITS<\/strong><br>R\u00e9alisation : Laurence Courtois<br>\u00c9criture : Thomas Baumgartner<br>Production : narrative<br>Mona : Hyam Zaytoun<br>J\u00e9r\u00f4me : Nadir Legrand<br>Le gardien du th\u00e9\u00e2tre : Daniel Kenigsberg<br>Ang\u00e8le : Eline Gallard<br>Ainsi que Pierre Vigi\u00e9, Julien Sfeir, Fanny Couture, et Thibaut Marion,  \u00e9l\u00e8ves de la classe libre de com\u00e9die musicale du Cours Florent dirig\u00e9e  par Fr\u00e9d\u00e9rique Farina<br>Prise de son et montage : L\u00e9a Chevrier<br>Bruitage&nbsp;: El\u00e9onore Mallo<br>Mixage&nbsp;: Jean-Baptiste Aubonnet<br>Musique originale&nbsp;: Fran\u00e7ois Clos<\/p>\n","protected":false},"excerpt":{"rendered":"<p>Prise de son et montage sonore pour Op\u00e9ration Slow Rev&rsquo;, une fiction radio in situ en binaural pour le th\u00e9\u00e2tre de Mogador. En \u00e9coute ici. Le th\u00e9\u00e2tre de Mogador propose une exp\u00e9rience sonore \u00e0 \u00e9couter sur place, dans sa grande et belle salle de spectacle. Installez vous confortablement dans l&rsquo;un de ses fauteuils rouges, et [&hellip;]<\/p>\n","protected":false},"author":1,"featured_media":948,"comment_status":"closed","ping_status":"closed","sticky":false,"template":"","format":"standard","meta":[],"categories":[9,1],"tags":[],"jetpack_featured_media_url":"https:\/\/leachevrier.fr\/wp-content\/uploads\/2020\/04\/slowrev2-e1586164017567.jpg","_links":{"self":[{"href":"https:\/\/leachevrier.fr\/index.php\/wp-json\/wp\/v2\/posts\/941"}],"collection":[{"href":"https:\/\/leachevrier.fr\/index.php\/wp-json\/wp\/v2\/posts"}],"about":[{"href":"https:\/\/leachevrier.fr\/index.php\/wp-json\/wp\/v2\/types\/post"}],"author":[{"embeddable":true,"href":"https:\/\/leachevrier.fr\/index.php\/wp-json\/wp\/v2\/users\/1"}],"replies":[{"embeddable":true,"href":"https:\/\/leachevrier.fr\/index.php\/wp-json\/wp\/v2\/comments?post=941"}],"version-history":[{"count":21,"href":"https:\/\/leachevrier.fr\/index.php\/wp-json\/wp\/v2\/posts\/941\/revisions"}],"predecessor-version":[{"id":2700,"href":"https:\/\/leachevrier.fr\/index.php\/wp-json\/wp\/v2\/posts\/941\/revisions\/2700"}],"wp:featuredmedia":[{"embeddable":true,"href":"https:\/\/leachevrier.fr\/index.php\/wp-json\/wp\/v2\/media\/948"}],"wp:attachment":[{"href":"https:\/\/leachevrier.fr\/index.php\/wp-json\/wp\/v2\/media?parent=941"}],"wp:term":[{"taxonomy":"category","embeddable":true,"href":"https:\/\/leachevrier.fr\/index.php\/wp-json\/wp\/v2\/categories?post=941"},{"taxonomy":"post_tag","embeddable":true,"href":"https:\/\/leachevrier.fr\/index.php\/wp-json\/wp\/v2\/tags?post=941"}],"curies":[{"name":"wp","href":"https:\/\/api.w.org\/{rel}","templated":true}]}}