{"id":711,"date":"2017-09-23T14:22:53","date_gmt":"2017-09-23T12:22:53","guid":{"rendered":"http:\/\/leachevrier.fr\/?p=711"},"modified":"2025-10-29T12:07:02","modified_gmt":"2025-10-29T11:07:02","slug":"taleming","status":"publish","type":"post","link":"https:\/\/leachevrier.fr\/index.php\/2017\/09\/23\/taleming\/","title":{"rendered":"TALEMING"},"content":{"rendered":"\n<p><a href=\"https:\/\/taleming.com\/\">Taleming<\/a> raconte des histoires aux enfants depuis juin 2018, des histoires 100% originales pour enrichir l\u2019imaginaire des enfants et ouvrir leurs horizons.<\/p>\n\n\n\n<h2><br>Z\u00e9lie et l&rsquo;araign\u00e9e qui rend zinzin<\/h2>\n\n\n\n<p>Cr\u00e9ation musicale pour la fiction Z\u00e9lie et l&rsquo;araign\u00e9e qui rend zinzin.<\/p>\n\n\n\n<div class=\"wp-block-media-text alignwide is-stacked-on-mobile\"><figure class=\"wp-block-media-text__media\"><img loading=\"lazy\" width=\"599\" height=\"597\" src=\"http:\/\/leachevrier.fr\/wp-content\/uploads\/2021\/06\/Zelie-araignee.png\" alt=\"\" class=\"wp-image-1411\" srcset=\"https:\/\/leachevrier.fr\/wp-content\/uploads\/2021\/06\/Zelie-araignee.png 599w, https:\/\/leachevrier.fr\/wp-content\/uploads\/2021\/06\/Zelie-araignee-300x300.png 300w, https:\/\/leachevrier.fr\/wp-content\/uploads\/2021\/06\/Zelie-araignee-150x150.png 150w\" sizes=\"(max-width: 599px) 100vw, 599px\" \/><\/figure><div class=\"wp-block-media-text__content\">\n<p>La mamie de Z\u00e9lie l&#8217;emm\u00e8ne au QG des tricoteuses, mais rien ne va pas se passer comme pr\u00e9vu&#8230;<\/p>\n\n\n\n<p><strong>CR\u00c9DITS<\/strong> <br>Auteur : Mathieu Genelle <br>Voix : Karine Texier et Arnaud Guillou  <br>Musique : L\u00e9a Chevrier <br>Mix : Celsian <br>Illustration : Lubin<\/p>\n<\/div><\/div>\n\n\n\n<p><br>D\u00e9couvrez quelques morceaux de la Bande Originale ici :<\/p>\n\n\n\n<figure class=\"wp-block-audio\"><audio controls src=\"http:\/\/leachevrier.fr\/wp-content\/uploads\/2021\/06\/La-cave-magique-de-Mamie_Decollage.mp3\"><\/audio><figcaption>La cave magique de Mamie_Decollage<\/figcaption><\/figure>\n\n\n\n<figure class=\"wp-block-audio\"><audio controls src=\"http:\/\/leachevrier.fr\/wp-content\/uploads\/2021\/06\/Lantidote_Winds.mp3\"><\/audio><figcaption>L&rsquo;antidote_Winds<\/figcaption><\/figure>\n\n\n\n<h2><br><br>Z\u00e9lie et le manoir hant\u00e9<\/h2>\n\n\n\n<p>Cr\u00e9ation musicale pour la fiction Z\u00e9lie et le manoir hant\u00e9.<\/p>\n\n\n\n<div class=\"wp-block-media-text alignwide is-stacked-on-mobile\"><figure class=\"wp-block-media-text__media\"><img loading=\"lazy\" width=\"598\" height=\"598\" src=\"http:\/\/leachevrier.fr\/wp-content\/uploads\/2019\/09\/Zelie-et-le-manoir-hante\u0301.png\" alt=\"\" class=\"wp-image-1397\" srcset=\"https:\/\/leachevrier.fr\/wp-content\/uploads\/2019\/09\/Zelie-et-le-manoir-hante\u0301.png 598w, https:\/\/leachevrier.fr\/wp-content\/uploads\/2019\/09\/Zelie-et-le-manoir-hante\u0301-300x300.png 300w, https:\/\/leachevrier.fr\/wp-content\/uploads\/2019\/09\/Zelie-et-le-manoir-hante\u0301-150x150.png 150w, https:\/\/leachevrier.fr\/wp-content\/uploads\/2019\/09\/Zelie-et-le-manoir-hante\u0301-590x590.png 590w\" sizes=\"(max-width: 598px) 100vw, 598px\" \/><\/figure><div class=\"wp-block-media-text__content\">\n<p>Avoir une mamie agent secret, c\u2019est dingue ! Mais si en plus elle vous forme pour prendre sa rel\u00e8ve c\u2019est carr\u00e9ment g\u00e9ant ! Alors quand elle dispara\u00eet et qu&rsquo;il faut p\u00e9n\u00e9trer dans un manoir hant\u00e9, il n&rsquo;y a pas \u00e0 h\u00e9siter.<\/p>\n\n\n\n<p><strong>CR\u00c9DITS<\/strong> <br>Auteur : Mathieu Genelle <br>Voix : Karine Texier et Arnaud Guillou  <br>Musique : L\u00e9a Chevrier <br>Mix : Celsian <br>Illustration : Lubin<\/p>\n<\/div><\/div>\n\n\n\n<p><br>D\u00e9couvrez quelques morceaux de la Bande Originale ici :<\/p>\n\n\n\n<figure class=\"wp-block-audio\"><audio controls src=\"http:\/\/leachevrier.fr\/wp-content\/uploads\/2021\/05\/ZELIE_La-fuite-de-Mamie.mp3\"><\/audio><figcaption>La fuite de la mamie<\/figcaption><\/figure>\n\n\n\n<figure class=\"wp-block-audio\"><audio controls src=\"http:\/\/leachevrier.fr\/wp-content\/uploads\/2021\/05\/ZELIE_Marche-en-quarte_Les-tombes.mp3\"><\/audio><figcaption>Marche en quartes<\/figcaption><\/figure>\n\n\n\n<h2><br><br>Z\u00e9lie contre les monstres de glace<\/h2>\n\n\n\n<p>Cr\u00e9ation musicale pour la fiction Z\u00e9lie et contre monstres de glace.<\/p>\n\n\n\n<div class=\"wp-block-media-text alignwide is-stacked-on-mobile\"><figure class=\"wp-block-media-text__media\"><img loading=\"lazy\" width=\"600\" height=\"600\" src=\"http:\/\/leachevrier.fr\/wp-content\/uploads\/2021\/04\/Zelie.png\" alt=\"\" class=\"wp-image-1318\" srcset=\"https:\/\/leachevrier.fr\/wp-content\/uploads\/2021\/04\/Zelie.png 600w, https:\/\/leachevrier.fr\/wp-content\/uploads\/2021\/04\/Zelie-300x300.png 300w, https:\/\/leachevrier.fr\/wp-content\/uploads\/2021\/04\/Zelie-150x150.png 150w, https:\/\/leachevrier.fr\/wp-content\/uploads\/2021\/04\/Zelie-590x590.png 590w\" sizes=\"(max-width: 600px) 100vw, 600px\" \/><\/figure><div class=\"wp-block-media-text__content\">\n<p>Le soleil qui s\u2019\u00e9teint myst\u00e9rieusement, le monde qui g\u00e8le, des monstres de glaces qui apparaissent un peu partout ?! Pour Z\u00e9lie tout est li\u00e9. Arm\u00e9e de son doudou tricot\u00e9 avec amour par sa mamie, Z\u00e9lie se lance dans une enqu\u00eate.<\/p>\n\n\n\n<p><strong>CR\u00c9DITS<\/strong> <br>Auteur : Mathieu Genelle <br>Voix : Karine Texier et Arnaud Guillou  <br>Musique : L\u00e9a Chevrier <br>Mix : Celsian <br>Illustration : Lubin<\/p>\n<\/div><\/div>\n\n\n\n<p><br>D\u00e9couvrez quelques morceaux de la Bande Originale ici :<\/p>\n\n\n\n<figure class=\"wp-block-audio\"><audio controls src=\"http:\/\/leachevrier.fr\/wp-content\/uploads\/2021\/04\/Musique-Zelie_Le-cha\u0302teau-jaillissant_Drums.mp3\"><\/audio><figcaption>Le ch\u00e2teau jaillissant<\/figcaption><\/figure>\n\n\n\n<figure class=\"wp-block-audio\"><audio controls src=\"http:\/\/leachevrier.fr\/wp-content\/uploads\/2021\/04\/Musique-Zelie_Mamie-se-re\u0301ve\u0300le.mp3\"><\/audio><figcaption>Mamie se r\u00e9v\u00e8le<\/figcaption><\/figure>\n\n\n\n<figure class=\"wp-block-audio\"><audio controls src=\"http:\/\/leachevrier.fr\/wp-content\/uploads\/2021\/04\/Musique-Zelie_Les-miroirs-du-labyrinthe.mp3\"><\/audio><figcaption>Les miroirs du labyrinthe<\/figcaption><\/figure>\n\n\n\n<figure class=\"wp-block-audio\"><audio controls src=\"http:\/\/leachevrier.fr\/wp-content\/uploads\/2021\/04\/Musique-Zelie_Le-tunnel-du-labyrinthe.mp3\"><\/audio><figcaption>Le tunnel du labyrinthe<\/figcaption><\/figure>\n\n\n\n<figure class=\"wp-block-audio\"><audio controls src=\"http:\/\/leachevrier.fr\/wp-content\/uploads\/2021\/04\/Musique-Zelie_Les-chiens-de-glace.mp3\"><\/audio><figcaption>Les chiens de glace<\/figcaption><\/figure>\n\n\n\n<figure class=\"wp-block-audio\"><audio controls src=\"http:\/\/leachevrier.fr\/wp-content\/uploads\/2021\/04\/Musique-Zelie_The-big-boss.mp3\"><\/audio><figcaption>The big boss<\/figcaption><\/figure>\n\n\n\n<h2><br><br>Le fruit du dragon<\/h2>\n\n\n\n<p>Cr\u00e9ation sonore et musicale pour la fiction Le fruit du dragon.<\/p>\n\n\n\n<div class=\"wp-block-media-text alignwide is-stacked-on-mobile\"><figure class=\"wp-block-media-text__media\"><img loading=\"lazy\" width=\"600\" height=\"600\" src=\"http:\/\/leachevrier.fr\/wp-content\/uploads\/2021\/02\/6bfb7b4a742e43408acce5c31deb0e97828dcd42.png\" alt=\"\" class=\"wp-image-1228\" srcset=\"https:\/\/leachevrier.fr\/wp-content\/uploads\/2021\/02\/6bfb7b4a742e43408acce5c31deb0e97828dcd42.png 600w, https:\/\/leachevrier.fr\/wp-content\/uploads\/2021\/02\/6bfb7b4a742e43408acce5c31deb0e97828dcd42-300x300.png 300w, https:\/\/leachevrier.fr\/wp-content\/uploads\/2021\/02\/6bfb7b4a742e43408acce5c31deb0e97828dcd42-150x150.png 150w, https:\/\/leachevrier.fr\/wp-content\/uploads\/2021\/02\/6bfb7b4a742e43408acce5c31deb0e97828dcd42-590x590.png 590w\" sizes=\"(max-width: 600px) 100vw, 600px\" \/><\/figure><div class=\"wp-block-media-text__content\">\n<p>Simon r\u00eave d&rsquo;avoir son propre potager. Alors lorsqu&rsquo;un dr\u00f4le de marchand de graines lui offre un assortiment de graines pour faire pousser des l\u00e9gumes incroyables, il saute sur l&rsquo;occasion ! D\u2019autant plus que cet assortiment contient \u00ab\u00a0le fruit de feu\u00a0\u00bb, le p\u00e9ch\u00e9 mignon des dragons !<\/p>\n\n\n\n<p><strong>CR\u00c9DITS<\/strong> <br>Auteur : Mathieu Genelle <br>Voix : Karine Texier et Arnaud Guillou  <br>R\u00e9alisation sonore : L\u00e9a Chevrier <br>Mix : Celsian <br>G\u00e9n\u00e9rique : Beno\u00eet Nass <br>Illustration : Camille Sainson<\/p>\n<\/div><\/div>\n\n\n\n<p><br>D\u00e9couvrez quelques morceaux de la Bande Originale ici :<\/p>\n\n\n\n<figure class=\"wp-block-audio\"><audio controls src=\"http:\/\/leachevrier.fr\/wp-content\/uploads\/2021\/04\/Theme-dragon-aventure.mp3\"><\/audio><figcaption>Th\u00e8me dragon aventure<\/figcaption><\/figure>\n\n\n\n<figure class=\"wp-block-audio\"><audio controls src=\"http:\/\/leachevrier.fr\/wp-content\/uploads\/2021\/04\/Theme-dragon-aventure_Marimba.mp3\"><\/audio><figcaption>Th\u00e8me dragon aventure_Marimba<\/figcaption><\/figure>\n\n\n\n<figure class=\"wp-block-audio\"><audio controls src=\"http:\/\/leachevrier.fr\/wp-content\/uploads\/2021\/04\/Theme-Puki_Montee-finale.mp3\"><\/audio><figcaption>Th\u00e8me Puki<\/figcaption><\/figure>\n\n\n\n<h2><br><br>L&rsquo;aventure de No\u00ebl<\/h2>\n\n\n\n<p>Cr\u00e9ation sonore et musicale pour la s\u00e9rie sonore L&rsquo;aventure de No\u00ebl, produite et diffus\u00e9e par <a href=\"https:\/\/app.sybel.co\/\">Sybel<\/a>.<\/p>\n\n\n\n<div class=\"wp-block-group alignwide\"><div class=\"wp-block-group__inner-container\">\n<figure class=\"wp-block-gallery columns-3 is-cropped\"><ul class=\"blocks-gallery-grid\"><li class=\"blocks-gallery-item\"><figure><img loading=\"lazy\" width=\"500\" height=\"375\" src=\"http:\/\/leachevrier.fr\/wp-content\/uploads\/2020\/12\/129611084_2450220181941533_8231114661702155165_n-1-2.jpg\" alt=\"\" data-id=\"1125\" data-full-url=\"http:\/\/leachevrier.fr\/wp-content\/uploads\/2020\/12\/129611084_2450220181941533_8231114661702155165_n-1-2.jpg\" data-link=\"http:\/\/leachevrier.fr\/index.php\/2019\/09\/23\/taleming\/129611084_2450220181941533_8231114661702155165_n-1-2\/\" class=\"wp-image-1125\" srcset=\"https:\/\/leachevrier.fr\/wp-content\/uploads\/2020\/12\/129611084_2450220181941533_8231114661702155165_n-1-2.jpg 500w, https:\/\/leachevrier.fr\/wp-content\/uploads\/2020\/12\/129611084_2450220181941533_8231114661702155165_n-1-2-300x225.jpg 300w, https:\/\/leachevrier.fr\/wp-content\/uploads\/2020\/12\/129611084_2450220181941533_8231114661702155165_n-1-2-150x113.jpg 150w\" sizes=\"(max-width: 500px) 100vw, 500px\" \/><\/figure><\/li><li class=\"blocks-gallery-item\"><figure><img loading=\"lazy\" width=\"375\" height=\"500\" src=\"http:\/\/leachevrier.fr\/wp-content\/uploads\/2020\/12\/129312568_771095686951108_3049740670015216286_n-1.jpg\" alt=\"\" data-id=\"1123\" data-link=\"http:\/\/leachevrier.fr\/index.php\/2019\/09\/23\/taleming\/129312568_771095686951108_3049740670015216286_n-1\/\" class=\"wp-image-1123\" srcset=\"https:\/\/leachevrier.fr\/wp-content\/uploads\/2020\/12\/129312568_771095686951108_3049740670015216286_n-1.jpg 375w, https:\/\/leachevrier.fr\/wp-content\/uploads\/2020\/12\/129312568_771095686951108_3049740670015216286_n-1-225x300.jpg 225w, https:\/\/leachevrier.fr\/wp-content\/uploads\/2020\/12\/129312568_771095686951108_3049740670015216286_n-1-113x150.jpg 113w\" sizes=\"(max-width: 375px) 100vw, 375px\" \/><\/figure><\/li><li class=\"blocks-gallery-item\"><figure><img loading=\"lazy\" width=\"373\" height=\"500\" src=\"http:\/\/leachevrier.fr\/wp-content\/uploads\/2020\/12\/129216540_429142398102986_4687133096167652200_n-1-2.jpg\" alt=\"\" data-id=\"1114\" data-link=\"http:\/\/leachevrier.fr\/index.php\/2019\/09\/23\/taleming\/129216540_429142398102986_4687133096167652200_n-1-2\/\" class=\"wp-image-1114\" srcset=\"https:\/\/leachevrier.fr\/wp-content\/uploads\/2020\/12\/129216540_429142398102986_4687133096167652200_n-1-2.jpg 373w, https:\/\/leachevrier.fr\/wp-content\/uploads\/2020\/12\/129216540_429142398102986_4687133096167652200_n-1-2-224x300.jpg 224w, https:\/\/leachevrier.fr\/wp-content\/uploads\/2020\/12\/129216540_429142398102986_4687133096167652200_n-1-2-112x150.jpg 112w\" sizes=\"(max-width: 373px) 100vw, 373px\" \/><\/figure><\/li><li class=\"blocks-gallery-item\"><figure><img loading=\"lazy\" width=\"500\" height=\"375\" src=\"http:\/\/leachevrier.fr\/wp-content\/uploads\/2020\/12\/129239364_467412054242889_8447371523921262903_n-1-3.jpg\" alt=\"\" data-id=\"1115\" data-link=\"http:\/\/leachevrier.fr\/index.php\/2019\/09\/23\/taleming\/129239364_467412054242889_8447371523921262903_n-1-3\/\" class=\"wp-image-1115\" srcset=\"https:\/\/leachevrier.fr\/wp-content\/uploads\/2020\/12\/129239364_467412054242889_8447371523921262903_n-1-3.jpg 500w, https:\/\/leachevrier.fr\/wp-content\/uploads\/2020\/12\/129239364_467412054242889_8447371523921262903_n-1-3-300x225.jpg 300w, https:\/\/leachevrier.fr\/wp-content\/uploads\/2020\/12\/129239364_467412054242889_8447371523921262903_n-1-3-150x113.jpg 150w\" sizes=\"(max-width: 500px) 100vw, 500px\" \/><\/figure><\/li><li class=\"blocks-gallery-item\"><figure><img loading=\"lazy\" width=\"500\" height=\"375\" src=\"http:\/\/leachevrier.fr\/wp-content\/uploads\/2020\/12\/129311168_403252004346387_9035895557298102234_n-1-2.jpg\" alt=\"\" data-id=\"1116\" data-link=\"http:\/\/leachevrier.fr\/index.php\/2019\/09\/23\/taleming\/129311168_403252004346387_9035895557298102234_n-1-2\/\" class=\"wp-image-1116\" srcset=\"https:\/\/leachevrier.fr\/wp-content\/uploads\/2020\/12\/129311168_403252004346387_9035895557298102234_n-1-2.jpg 500w, https:\/\/leachevrier.fr\/wp-content\/uploads\/2020\/12\/129311168_403252004346387_9035895557298102234_n-1-2-300x225.jpg 300w, https:\/\/leachevrier.fr\/wp-content\/uploads\/2020\/12\/129311168_403252004346387_9035895557298102234_n-1-2-150x113.jpg 150w\" sizes=\"(max-width: 500px) 100vw, 500px\" \/><\/figure><\/li><\/ul><\/figure>\n<\/div><\/div>\n\n\n\n<p class=\"has-text-align-left\"><br>\u00c0 Bourg-Flocon, No\u00ebl c\u2019est du s\u00e9rieux. Tous les habitants rivalisent de cr\u00e9ativit\u00e9 pour d\u00e9corer leurs maisons. Alors quand Louna et Papiguy n\u2019arrivent plus \u00e0 mettre la main sur leurs d\u00e9corations ch\u00e9ries, ils trouvent \u00e7a louche, tr\u00e8s louche m\u00eame. Et sans le savoir, ils vont embarquer dans une dr\u00f4le d\u2019enqu\u00eate pour sauver No\u00ebl !<br><br>D\u00e9couvrez quelques morceaux de la Bande Originale ici :<\/p>\n\n\n\n<figure class=\"wp-block-audio aligncenter\"><audio controls src=\"http:\/\/leachevrier.fr\/wp-content\/uploads\/2020\/12\/00_Intro.mp3\"><\/audio><figcaption><em>G\u00e9n\u00e9rique d&rsquo;intro<\/em><\/figcaption><\/figure>\n\n\n\n<figure class=\"wp-block-audio aligncenter\"><audio controls src=\"http:\/\/leachevrier.fr\/wp-content\/uploads\/2020\/12\/01_Outro.mp3\"><\/audio><figcaption><em>G\u00e9n\u00e9rique d&rsquo;Outro<\/em><\/figcaption><\/figure>\n\n\n\n<figure class=\"wp-block-audio aligncenter\"><audio controls src=\"http:\/\/leachevrier.fr\/wp-content\/uploads\/2020\/12\/09_Theme-de-Josiane.mp3\"><\/audio><figcaption><em>Th\u00e8me de Josiane<\/em><\/figcaption><\/figure>\n\n\n\n<figure class=\"wp-block-audio aligncenter\"><audio controls src=\"http:\/\/leachevrier.fr\/wp-content\/uploads\/2020\/12\/10_Theme-de-Josiane_Le-final.mp3\"><\/audio><figcaption><em>Th\u00e8me de Josiane_Le final<\/em><\/figcaption><\/figure>\n\n\n\n<figure class=\"wp-block-audio aligncenter\"><audio controls src=\"http:\/\/leachevrier.fr\/wp-content\/uploads\/2020\/12\/15_Rues-joyeuses.mp3\"><\/audio><figcaption><em>Rues joyeuses<\/em><\/figcaption><\/figure>\n\n\n\n<figure class=\"wp-block-audio aligncenter\"><audio controls src=\"http:\/\/leachevrier.fr\/wp-content\/uploads\/2020\/12\/18_Vol-en-traineau_Flute-1.mp3\"><\/audio><figcaption><em>Vol en traineau_Fl\u00fbte<\/em><\/figcaption><\/figure>\n\n\n\n<figure class=\"wp-block-audio aligncenter\"><audio controls src=\"http:\/\/leachevrier.fr\/wp-content\/uploads\/2020\/12\/19_Vol-en-traineau_Bois-1.mp3\"><\/audio><figcaption><em>Vol en traineau_Bois<\/em><\/figcaption><\/figure>\n\n\n\n<figure class=\"wp-block-audio aligncenter\"><audio controls src=\"http:\/\/leachevrier.fr\/wp-content\/uploads\/2020\/12\/20_Vol-en-traineau_Cuivres-1.mp3\"><\/audio><figcaption><em>Vol en traineau_Cuivres<\/em><\/figcaption><\/figure>\n\n\n\n<figure class=\"wp-block-audio aligncenter\"><audio controls src=\"http:\/\/leachevrier.fr\/wp-content\/uploads\/2020\/12\/23_Theme-de-Mme-Bisou_Long.mp3\"><\/audio><figcaption><em>Th\u00e8me de Mme Bisou<\/em><\/figcaption><\/figure>\n\n\n\n<figure class=\"wp-block-audio\"><audio controls src=\"http:\/\/leachevrier.fr\/wp-content\/uploads\/2020\/12\/24_Theme-de-Mme-Bisou_Suspens.mp3\"><\/audio><figcaption><em>Th\u00e8me de Mme Bisou_Suspens<\/em><\/figcaption><\/figure>\n\n\n\n<figure class=\"wp-block-audio aligncenter\"><audio controls src=\"http:\/\/leachevrier.fr\/wp-content\/uploads\/2020\/12\/25_Theme-d-Olen-2.mp3\"><\/audio><figcaption><em>Th\u00e8me d&rsquo;Olen<\/em><\/figcaption><\/figure>\n\n\n\n<p class=\"has-text-align-left\"><br><br><strong>CR\u00c9DITS<\/strong><br>Auteur : Mathieu Genelle<br>Voix : Karine Texier et Arnaud Guillou<br>R\u00e9alisation sonore : L\u00e9a Chevrier<br>Mix : Celsian<br>Production et diffusion : Sybel<\/p>\n\n\n\n<h2><br><br>Le coloriage maudit<\/h2>\n\n\n\n<p>Cr\u00e9ation sonore et musicale pour la fiction <a href=\"https:\/\/taleming.com\/podcast\/le-coloriage-maudit\/\">Le coloriage maudit<\/a>.<\/p>\n\n\n\n<div class=\"wp-block-media-text alignwide\"><figure class=\"wp-block-media-text__media\"><img loading=\"lazy\" width=\"800\" height=\"800\" src=\"http:\/\/leachevrier.fr\/wp-content\/uploads\/2020\/10\/coloriage.jpg\" alt=\"\" class=\"wp-image-1054\" srcset=\"https:\/\/leachevrier.fr\/wp-content\/uploads\/2020\/10\/coloriage.jpg 800w, https:\/\/leachevrier.fr\/wp-content\/uploads\/2020\/10\/coloriage-150x150.jpg 150w, https:\/\/leachevrier.fr\/wp-content\/uploads\/2020\/10\/coloriage-300x300.jpg 300w, https:\/\/leachevrier.fr\/wp-content\/uploads\/2020\/10\/coloriage-768x768.jpg 768w, https:\/\/leachevrier.fr\/wp-content\/uploads\/2020\/10\/coloriage-590x590.jpg 590w\" sizes=\"(max-width: 800px) 100vw, 800px\" \/><\/figure><div class=\"wp-block-media-text__content\">\n<p>Prenez une vieille maison abandonn\u00e9e. Faites passer devant une enfant, qui n\u2019a pas mais alors pas du tout envie de rentrer chez elle faire ses devoirs. Forc\u00e9ment, elle voudra l\u2019explorer, avec son meilleur ami qui n\u2019a pas vraiment l&rsquo;air emball\u00e9 &#8230;<\/p>\n\n\n\n<p><strong>CR\u00c9DITS<\/strong> <br>Auteur : Mathieu Genelle<br>Voix : Karine Texier et  Arnaud Guillou<br>R\u00e9alisation sonore : L\u00e9a Chevrier<br>Mix : Simon Cacheux<br>G\u00e9n\u00e9rique : Beno\u00eet Nass<br>Illustration : Olivier Danchin<\/p>\n<\/div><\/div>\n\n\n\n<p><br><\/p>\n\n\n\n<h2><br><br>Les enfants &amp; le dragon<\/h2>\n\n\n\n<p>Cr\u00e9ation sonore et musicale pour la fiction <a href=\"https:\/\/taleming.com\/podcast\/les-enfants-et-le-dragon\/\">Les enfants et le dragon<\/a>.<\/p>\n\n\n\n<div class=\"wp-block-media-text alignwide\"><figure class=\"wp-block-media-text__media\"><img loading=\"lazy\" width=\"800\" height=\"800\" src=\"http:\/\/leachevrier.fr\/wp-content\/uploads\/2020\/04\/Les-enfants-et-le-dragon.jpg\" alt=\"\" class=\"wp-image-962\" srcset=\"https:\/\/leachevrier.fr\/wp-content\/uploads\/2020\/04\/Les-enfants-et-le-dragon.jpg 800w, https:\/\/leachevrier.fr\/wp-content\/uploads\/2020\/04\/Les-enfants-et-le-dragon-150x150.jpg 150w, https:\/\/leachevrier.fr\/wp-content\/uploads\/2020\/04\/Les-enfants-et-le-dragon-300x300.jpg 300w, https:\/\/leachevrier.fr\/wp-content\/uploads\/2020\/04\/Les-enfants-et-le-dragon-768x768.jpg 768w, https:\/\/leachevrier.fr\/wp-content\/uploads\/2020\/04\/Les-enfants-et-le-dragon-590x590.jpg 590w\" sizes=\"(max-width: 800px) 100vw, 800px\" \/><\/figure><div class=\"wp-block-media-text__content\">\n<p class=\"has-text-align-left\"><br>Lagruf est un jeune dragon pas tr\u00e8s s\u00fbr de lui. Sa vie va changer le jour o\u00f9 il rencontre deux jeunes humains : L\u00e9a qui veut devenir chevalier et Simon qui r\u00eave d\u2019\u00eatre le plus grand cuisiner du monde.<br><br><strong>CR\u00c9DITS<\/strong><br>Auteur : Mathieu Genelle<br>Voix : Margaux Billard et Arnaud Guillou<br>R\u00e9alisation sonore : L\u00e9a Chevrier<br>Mix : Celsian<br>G\u00e9n\u00e9rique : Beno\u00eet Nass<br>Illustration : Olivier Danchin<\/p>\n<\/div><\/div>\n\n\n\n<h2><br><br>Louison &amp; le d\u00e9mon<\/h2>\n\n\n\n<p>Cr\u00e9ation sonore pour la fiction <a href=\"https:\/\/taleming.com\/podcast\/louison-et-le-demon\/\">Louison et le d\u00e9mon<\/a>.<\/p>\n\n\n\n<div class=\"wp-block-media-text alignwide\"><figure class=\"wp-block-media-text__media\"><img loading=\"lazy\" width=\"1024\" height=\"1024\" src=\"http:\/\/leachevrier.fr\/wp-content\/uploads\/2019\/09\/5a678e0dc0f440ac9bfcb0a3d3a087dc-1-1024x1024.jpeg\" alt=\"\" class=\"wp-image-816\" srcset=\"https:\/\/leachevrier.fr\/wp-content\/uploads\/2019\/09\/5a678e0dc0f440ac9bfcb0a3d3a087dc-1-1024x1024.jpeg 1024w, https:\/\/leachevrier.fr\/wp-content\/uploads\/2019\/09\/5a678e0dc0f440ac9bfcb0a3d3a087dc-1-150x150.jpeg 150w, https:\/\/leachevrier.fr\/wp-content\/uploads\/2019\/09\/5a678e0dc0f440ac9bfcb0a3d3a087dc-1-300x300.jpeg 300w, https:\/\/leachevrier.fr\/wp-content\/uploads\/2019\/09\/5a678e0dc0f440ac9bfcb0a3d3a087dc-1-768x768.jpeg 768w, https:\/\/leachevrier.fr\/wp-content\/uploads\/2019\/09\/5a678e0dc0f440ac9bfcb0a3d3a087dc-1-590x590.jpeg 590w\" sizes=\"(max-width: 1024px) 100vw, 1024px\" \/><\/figure><div class=\"wp-block-media-text__content\">\n<p>Louison n\u2019aime pas sa nouvelle maison. Et encore moins sa nouvelle chambre. Tout y prend des airs mena\u00e7ants. Et puis, tapie dans un coin, il y a une ombre, comme une silhouette avec des cornes et des mains griffues&#8230;<\/p>\n\n\n\n<p><strong>CR\u00c9DITS<\/strong><br>Auteure : Taous Merakchi<br>Voix : Karine Texier et Arnaud Guillou<br>R\u00e9alisation sonore : L\u00e9a Chevrier<br>Mixage : Paul Boulier<br>G\u00e9n\u00e9rique : Beno\u00eet Nass<br>Illustration : Olivier Danchin<\/p>\n<\/div><\/div>\n\n\n\n<h2><br><br>Les P&rsquo;tits Portraits  &amp;  <br>Les Tr\u00e8s P&rsquo;tites Histoires<\/h2>\n\n\n\n<p>Cr\u00e9ation sonore en binaural pour les g\u00e9n\u00e9riques d&rsquo;intro et d&rsquo;outro des P&rsquo;tits Portraits &amp; et des Tr\u00e8s P&rsquo;tites Histoires.<br>Je vous propose ici d&rsquo;\u00e9couter un montage de plusieurs de ces g\u00e9n\u00e9riques :<\/p>\n\n\n\n<figure class=\"wp-block-audio\"><audio controls src=\"http:\/\/leachevrier.fr\/wp-content\/uploads\/2021\/04\/Best-of-generique_LPP.mp3\"><\/audio><figcaption><strong><em>G\u00e9n\u00e9riques des P&rsquo;tits Portraits<\/em><\/strong><br><em><em>Cette cr\u00e9ation sonore est en binaural, n\u2019oubliez pas d\u2019enfiler votre plus beau casque audio !<\/em><\/em><\/figcaption><\/figure>\n\n\n\n<figure class=\"wp-block-audio\"><audio controls src=\"http:\/\/leachevrier.fr\/wp-content\/uploads\/2021\/04\/Best-of-generique_TPH.mp3\"><\/audio><figcaption><strong><em>G\u00e9n\u00e9riques des Tr\u00e8s P&rsquo;tites Histoires<\/em><\/strong><br><em><em>Cette cr\u00e9ation sonore est en binaural, n\u2019oubliez pas d\u2019enfiler votre plus beau casque audio !<\/em><\/em><\/figcaption><\/figure>\n\n\n\n<p><br><br>On parle de Taleming sur RFI ! Retrouvez l&rsquo;\u00e9mission <a href=\"http:\/\/leachevrier.fr\/index.php\/news\/\">ici<\/a>.<\/p>\n","protected":false},"excerpt":{"rendered":"<p>Taleming raconte des histoires aux enfants depuis juin 2018, des histoires 100% originales pour enrichir l\u2019imaginaire des enfants et ouvrir leurs horizons. Z\u00e9lie et l&rsquo;araign\u00e9e qui rend zinzin Cr\u00e9ation musicale pour la fiction Z\u00e9lie et l&rsquo;araign\u00e9e qui rend zinzin. La mamie de Z\u00e9lie l&#8217;emm\u00e8ne au QG des tricoteuses, mais rien ne va pas se passer [&hellip;]<\/p>\n","protected":false},"author":1,"featured_media":781,"comment_status":"closed","ping_status":"closed","sticky":false,"template":"","format":"standard","meta":[],"categories":[9,32,10,1],"tags":[],"jetpack_featured_media_url":"https:\/\/leachevrier.fr\/wp-content\/uploads\/2019\/09\/5a678e0dc0f440ac9bfcb0a3d3a087dc.jpeg","_links":{"self":[{"href":"https:\/\/leachevrier.fr\/index.php\/wp-json\/wp\/v2\/posts\/711"}],"collection":[{"href":"https:\/\/leachevrier.fr\/index.php\/wp-json\/wp\/v2\/posts"}],"about":[{"href":"https:\/\/leachevrier.fr\/index.php\/wp-json\/wp\/v2\/types\/post"}],"author":[{"embeddable":true,"href":"https:\/\/leachevrier.fr\/index.php\/wp-json\/wp\/v2\/users\/1"}],"replies":[{"embeddable":true,"href":"https:\/\/leachevrier.fr\/index.php\/wp-json\/wp\/v2\/comments?post=711"}],"version-history":[{"count":103,"href":"https:\/\/leachevrier.fr\/index.php\/wp-json\/wp\/v2\/posts\/711\/revisions"}],"predecessor-version":[{"id":2702,"href":"https:\/\/leachevrier.fr\/index.php\/wp-json\/wp\/v2\/posts\/711\/revisions\/2702"}],"wp:featuredmedia":[{"embeddable":true,"href":"https:\/\/leachevrier.fr\/index.php\/wp-json\/wp\/v2\/media\/781"}],"wp:attachment":[{"href":"https:\/\/leachevrier.fr\/index.php\/wp-json\/wp\/v2\/media?parent=711"}],"wp:term":[{"taxonomy":"category","embeddable":true,"href":"https:\/\/leachevrier.fr\/index.php\/wp-json\/wp\/v2\/categories?post=711"},{"taxonomy":"post_tag","embeddable":true,"href":"https:\/\/leachevrier.fr\/index.php\/wp-json\/wp\/v2\/tags?post=711"}],"curies":[{"name":"wp","href":"https:\/\/api.w.org\/{rel}","templated":true}]}}