{"id":29,"date":"2019-04-09T00:00:12","date_gmt":"2019-04-08T22:00:12","guid":{"rendered":"http:\/\/leachevrier.fr\/?p=29"},"modified":"2024-10-15T11:04:22","modified_gmt":"2024-10-15T09:04:22","slug":"vlv","status":"publish","type":"post","link":"https:\/\/leachevrier.fr\/index.php\/2019\/04\/09\/vlv\/","title":{"rendered":"CH\u00c2TEAU DE VAUX-LE-VICOMTE"},"content":{"rendered":"\n<p>Prise de son binaurale et cr\u00e9ation sonore pour les nouveaux parcours du <a href=\"https:\/\/vaux-le-vicomte.com\/actualite\/parcours-sonore-immersif\/\">Ch\u00e2teau de Vaux-le-Vicomte<\/a>.<\/p>\n\n\n\n<figure class=\"wp-block-gallery aligncenter columns-3 is-cropped\"><ul class=\"blocks-gallery-grid\"><li class=\"blocks-gallery-item\"><figure><img loading=\"lazy\" width=\"1024\" height=\"768\" src=\"http:\/\/leachevrier.fr\/wp-content\/uploads\/2019\/05\/IMG_0331-1-1024x768.jpg\" alt=\"\" data-id=\"180\" data-link=\"http:\/\/leachevrier.fr\/index.php\/2019\/05\/09\/trobairitz\/img_0331-2\/\" class=\"wp-image-180\" srcset=\"https:\/\/leachevrier.fr\/wp-content\/uploads\/2019\/05\/IMG_0331-1-1024x768.jpg 1024w, https:\/\/leachevrier.fr\/wp-content\/uploads\/2019\/05\/IMG_0331-1-150x113.jpg 150w, https:\/\/leachevrier.fr\/wp-content\/uploads\/2019\/05\/IMG_0331-1-300x225.jpg 300w, https:\/\/leachevrier.fr\/wp-content\/uploads\/2019\/05\/IMG_0331-1-768x576.jpg 768w\" sizes=\"(max-width: 1024px) 100vw, 1024px\" \/><\/figure><\/li><li class=\"blocks-gallery-item\"><figure><img loading=\"lazy\" width=\"1024\" height=\"683\" src=\"http:\/\/leachevrier.fr\/wp-content\/uploads\/2019\/05\/ob_83a2b2_casque-parcours-sonore-narrative-1024x683.jpg\" alt=\"\" data-id=\"182\" data-link=\"http:\/\/leachevrier.fr\/index.php\/2019\/05\/09\/trobairitz\/ob_83a2b2_casque-parcours-sonore-narrative\/\" class=\"wp-image-182\" srcset=\"https:\/\/leachevrier.fr\/wp-content\/uploads\/2019\/05\/ob_83a2b2_casque-parcours-sonore-narrative-1024x683.jpg 1024w, https:\/\/leachevrier.fr\/wp-content\/uploads\/2019\/05\/ob_83a2b2_casque-parcours-sonore-narrative-150x100.jpg 150w, https:\/\/leachevrier.fr\/wp-content\/uploads\/2019\/05\/ob_83a2b2_casque-parcours-sonore-narrative-300x200.jpg 300w, https:\/\/leachevrier.fr\/wp-content\/uploads\/2019\/05\/ob_83a2b2_casque-parcours-sonore-narrative-768x512.jpg 768w, https:\/\/leachevrier.fr\/wp-content\/uploads\/2019\/05\/ob_83a2b2_casque-parcours-sonore-narrative.jpg 1200w\" sizes=\"(max-width: 1024px) 100vw, 1024px\" \/><\/figure><\/li><li class=\"blocks-gallery-item\"><figure><img loading=\"lazy\" width=\"1024\" height=\"576\" src=\"http:\/\/leachevrier.fr\/wp-content\/uploads\/2019\/05\/Parcours-sonore-Grand-Salon-\u00a9Narrative-1600x900-1024x576.jpg\" alt=\"\" data-id=\"183\" data-link=\"http:\/\/leachevrier.fr\/index.php\/2019\/05\/09\/trobairitz\/parcours-sonore-grand-salon-narrative-1600x900\/\" class=\"wp-image-183\" srcset=\"https:\/\/leachevrier.fr\/wp-content\/uploads\/2019\/05\/Parcours-sonore-Grand-Salon-\u00a9Narrative-1600x900-1024x576.jpg 1024w, https:\/\/leachevrier.fr\/wp-content\/uploads\/2019\/05\/Parcours-sonore-Grand-Salon-\u00a9Narrative-1600x900-150x84.jpg 150w, https:\/\/leachevrier.fr\/wp-content\/uploads\/2019\/05\/Parcours-sonore-Grand-Salon-\u00a9Narrative-1600x900-300x169.jpg 300w, https:\/\/leachevrier.fr\/wp-content\/uploads\/2019\/05\/Parcours-sonore-Grand-Salon-\u00a9Narrative-1600x900-768x432.jpg 768w, https:\/\/leachevrier.fr\/wp-content\/uploads\/2019\/05\/Parcours-sonore-Grand-Salon-\u00a9Narrative-1600x900.jpg 1600w\" sizes=\"(max-width: 1024px) 100vw, 1024px\" \/><\/figure><\/li><li class=\"blocks-gallery-item\"><figure><img loading=\"lazy\" width=\"600\" height=\"371\" src=\"http:\/\/leachevrier.fr\/wp-content\/uploads\/2019\/05\/2-VAUX_3D_temps-delegancenarrative-600x371.jpg\" alt=\"\" data-id=\"177\" data-link=\"http:\/\/leachevrier.fr\/index.php\/2019\/05\/09\/trobairitz\/2-vaux_3d_temps-delegancenarrative-600x371\/\" class=\"wp-image-177\" srcset=\"https:\/\/leachevrier.fr\/wp-content\/uploads\/2019\/05\/2-VAUX_3D_temps-delegancenarrative-600x371.jpg 600w, https:\/\/leachevrier.fr\/wp-content\/uploads\/2019\/05\/2-VAUX_3D_temps-delegancenarrative-600x371-150x93.jpg 150w, https:\/\/leachevrier.fr\/wp-content\/uploads\/2019\/05\/2-VAUX_3D_temps-delegancenarrative-600x371-300x186.jpg 300w\" sizes=\"(max-width: 600px) 100vw, 600px\" \/><\/figure><\/li><\/ul><\/figure>\n\n\n\n<p><strong>L&rsquo;affaire Fouquet, Vivez l\u2019Histoire en 3D ! <\/strong>et <strong>La fabuleuse histoire de Vaux<\/strong> sont deux parcours sonores qui invitent \u00e0 visiter le Ch\u00e2teau de Vaux-le-Vicomte autrement. <\/p>\n\n\n\n<p class=\"has-very-dark-gray-color has-text-color\">Le premier parcours est \u00e0 destination du public adulte, tandis que le second est plus adapt\u00e9 au jeune public.<\/p>\n\n\n\n<p class=\"has-very-dark-gray-color has-text-color\">Muni d&rsquo;un casque, le visiteur progresse de salle en salle et est plong\u00e9  au c\u0153ur d&rsquo;une fiction sonore en son binaural qui lui fait revivre l&rsquo;histoire de Nicolas Fouquet. <br><br><\/p>\n\n\n\n<figure class=\"wp-block-audio aligncenter\"><audio controls src=\"http:\/\/leachevrier.fr\/wp-content\/uploads\/2019\/05\/VAUX_J_FR_TEASER.mp3\"><\/audio><figcaption><em><strong>Teaser Parcours Enfant<\/strong><br><em>Cette cr\u00e9ation sonore est en binaural, n\u2019oubliez pas d\u2019enfiler votre plus beau casque audio !<\/em><\/em><br><br><\/figcaption><\/figure>\n\n\n\n<figure class=\"wp-block-audio aligncenter\"><audio controls src=\"http:\/\/leachevrier.fr\/wp-content\/uploads\/2019\/05\/VAUX_FR_TEASER.mp3\"><\/audio><figcaption><em><strong>Teaser Parcours Adulte<\/strong><br><em>Cette cr\u00e9ation sonore est en binaural, n\u2019oubliez pas d\u2019enfiler votre plus beau casque audio !<\/em><\/em><br><\/figcaption><\/figure>\n\n\n\n<figure class=\"wp-block-embed-youtube wp-block-embed is-type-video is-provider-youtube wp-embed-aspect-16-9 wp-has-aspect-ratio\"><div class=\"wp-block-embed__wrapper\">\n<iframe title=\"Le Ch\u00e2teau de Vaux le Vicomte pr\u00e9sente son innovation de 2019  - le Parcours Sonore Immersif\" width=\"1180\" height=\"664\" src=\"https:\/\/www.youtube.com\/embed\/GT4Ak-reZMs?feature=oembed\" frameborder=\"0\" allow=\"accelerometer; autoplay; clipboard-write; encrypted-media; gyroscope; picture-in-picture; web-share\" referrerpolicy=\"strict-origin-when-cross-origin\" allowfullscreen><\/iframe>\n<\/div><\/figure>\n\n\n\n<p class=\"has-text-align-left\">narrative a re\u00e7u le <a rel=\"noreferrer noopener\" href=\"https:\/\/www.legestedor.com\/a-propos\/heritech\/\" target=\"_blank\">Prix sp\u00e9cial&nbsp;Geste d\u2019Or-Heritech<\/a>&nbsp;qui r\u00e9compense les meilleurs projets de partenariats publics\/priv\u00e9s au service de la num\u00e9risation du patrimoine pour les&nbsp;<a href=\"http:\/\/www.narrative.info\/portfolio\/parcours-sonores-immersifs\/\">Parcours sonores immersifs de Vaux le Vicomte.<\/a><\/p>\n\n\n\n<p class=\"has-text-align-left\">La presse parles des parcours sonores de Vaux ! Retrouvez tous les articles sur la page <a href=\"http:\/\/leachevrier.fr\/index.php\/news\/\">NEWS<\/a> de ce site. <br><\/p>\n\n\n\n<p><br><strong>CREDITS<\/strong><br>Production:&nbsp;<a href=\"http:\/\/www.narrative.info\/portfolio\/parcours-sonores-immersifs\/\">narrative<\/a><br>Auteurs&nbsp;: Xavier Maurel et Thimoth\u00e9e de Fombelle<br>R\u00e9alisation : C\u00e9dric Aussir et laurence Courtois<br>Ing\u00e9nieure du son :&nbsp;L\u00e9a Chevrier<br>Bruiteuse :&nbsp;El\u00e9onore Mallo<br>Perchman : Hugo Deguillard<br>Mixeur :&nbsp;Paul Boulier &amp; Jean Baptiste Aubonnet<br>Violon :&nbsp;Marie Salvat<br>Mixeur musique :&nbsp;Fran\u00e7ois Clos<br>Musiques additionnelles :&nbsp;Les talents lyriques<br>Traduction&nbsp;:&nbsp;Katharina Bader,&nbsp;Stephen Clarke<br>Charg\u00e9e de production :&nbsp;Fanny Carella<br>Stagiaire de production :&nbsp;Jean-Fran\u00e7ois Bauduin &amp;&nbsp;Louise Corlosquet<br>@photographie : narrative<\/p>\n\n\n\n<p><\/p>\n\n\n\n<p>Avec la complicit\u00e9 de l\u2019Association Temps d\u2019El\u00e9gance<br><\/p>\n\n\n\n<p><br><\/p>\n","protected":false},"excerpt":{"rendered":"<p>Prise de son binaurale et cr\u00e9ation sonore pour les nouveaux parcours du Ch\u00e2teau de Vaux-le-Vicomte. L&rsquo;affaire Fouquet, Vivez l\u2019Histoire en 3D ! et La fabuleuse histoire de Vaux sont deux parcours sonores qui invitent \u00e0 visiter le Ch\u00e2teau de Vaux-le-Vicomte autrement. Le premier parcours est \u00e0 destination du public adulte, tandis que le second est [&hellip;]<\/p>\n","protected":false},"author":1,"featured_media":179,"comment_status":"closed","ping_status":"closed","sticky":false,"template":"","format":"standard","meta":[],"categories":[9,8,1],"tags":[],"jetpack_featured_media_url":"https:\/\/leachevrier.fr\/wp-content\/uploads\/2019\/05\/DSCN6153.jpg","_links":{"self":[{"href":"https:\/\/leachevrier.fr\/index.php\/wp-json\/wp\/v2\/posts\/29"}],"collection":[{"href":"https:\/\/leachevrier.fr\/index.php\/wp-json\/wp\/v2\/posts"}],"about":[{"href":"https:\/\/leachevrier.fr\/index.php\/wp-json\/wp\/v2\/types\/post"}],"author":[{"embeddable":true,"href":"https:\/\/leachevrier.fr\/index.php\/wp-json\/wp\/v2\/users\/1"}],"replies":[{"embeddable":true,"href":"https:\/\/leachevrier.fr\/index.php\/wp-json\/wp\/v2\/comments?post=29"}],"version-history":[{"count":52,"href":"https:\/\/leachevrier.fr\/index.php\/wp-json\/wp\/v2\/posts\/29\/revisions"}],"predecessor-version":[{"id":2553,"href":"https:\/\/leachevrier.fr\/index.php\/wp-json\/wp\/v2\/posts\/29\/revisions\/2553"}],"wp:featuredmedia":[{"embeddable":true,"href":"https:\/\/leachevrier.fr\/index.php\/wp-json\/wp\/v2\/media\/179"}],"wp:attachment":[{"href":"https:\/\/leachevrier.fr\/index.php\/wp-json\/wp\/v2\/media?parent=29"}],"wp:term":[{"taxonomy":"category","embeddable":true,"href":"https:\/\/leachevrier.fr\/index.php\/wp-json\/wp\/v2\/categories?post=29"},{"taxonomy":"post_tag","embeddable":true,"href":"https:\/\/leachevrier.fr\/index.php\/wp-json\/wp\/v2\/tags?post=29"}],"curies":[{"name":"wp","href":"https:\/\/api.w.org\/{rel}","templated":true}]}}