{"id":2072,"date":"2023-10-27T15:33:22","date_gmt":"2023-10-27T13:33:22","guid":{"rendered":"http:\/\/leachevrier.fr\/?p=2072"},"modified":"2024-10-15T11:14:23","modified_gmt":"2024-10-15T09:14:23","slug":"georgie-ta-polyphonie-nous-relie","status":"publish","type":"post","link":"https:\/\/leachevrier.fr\/index.php\/2023\/10\/27\/georgie-ta-polyphonie-nous-relie\/","title":{"rendered":"G\u00e9orgie, ta polyphonie nous relie"},"content":{"rendered":"\n<p>\u00c9criture, r\u00e9alisation et mise en onde de\u00a0la s\u00e9rie documentaire \u00ab\u00a0G\u00e9orgie, ta polyphonie nous relie\u00a0\u00bb<\/p>\n\n\n\n<figure class=\"wp-block-image size-large\"><img loading=\"lazy\" width=\"885\" height=\"500\" src=\"http:\/\/leachevrier.fr\/wp-content\/uploads\/2023\/10\/Mont-Louis.jpg\" alt=\"\" class=\"wp-image-2074\" srcset=\"https:\/\/leachevrier.fr\/wp-content\/uploads\/2023\/10\/Mont-Louis.jpg 885w, https:\/\/leachevrier.fr\/wp-content\/uploads\/2023\/10\/Mont-Louis-300x169.jpg 300w, https:\/\/leachevrier.fr\/wp-content\/uploads\/2023\/10\/Mont-Louis-150x85.jpg 150w, https:\/\/leachevrier.fr\/wp-content\/uploads\/2023\/10\/Mont-Louis-768x434.jpg 768w\" sizes=\"(max-width: 885px) 100vw, 885px\" \/><\/figure>\n\n\n\n<p>A plusieurs milliers de kilom\u00e8tres de Tbilissi, des voix font vibrer Mont Louis, un petit village nich\u00e9 au c\u0153ur des Pyr\u00e9n\u00e9es orientales. Ces voix chantent des polyphonies g\u00e9orgiennes et nous questionnent sur la vie en collectivit\u00e9 : comment trouver sa place dans un groupe et dans un ch\u0153ur ? Comment exprimer ses particularit\u00e9s tout en m\u00ealant sa voix \u00e0 la polyphonie ? Comment \u00eatre \u00e0 l&rsquo;\u00e9coute de soi et des autres ?<br>Le tout en buvant du vin g\u00e9orgien, en mangeant des khinkalis et en portant des toasts !<\/p>\n\n\n\n<figure class=\"wp-block-embed-soundcloud wp-block-embed is-type-rich is-provider-soundcloud wp-embed-aspect-4-3 wp-has-aspect-ratio\"><div class=\"wp-block-embed__wrapper\">\n<iframe title=\"G\u00e9orgie, ta polyphonie nous relie by L\u00e9a Chevrier - Cr\u00e9ation sonore\" width=\"1180\" height=\"450\" scrolling=\"no\" frameborder=\"no\" src=\"https:\/\/w.soundcloud.com\/player\/?visual=true&#038;url=https%3A%2F%2Fapi.soundcloud.com%2Fplaylists%2F1704464124&#038;show_artwork=true&#038;maxheight=1000&#038;maxwidth=1180\"><\/iframe>\n<\/div><\/figure>\n\n\n\n<p><\/p>\n","protected":false},"excerpt":{"rendered":"<p>\u00c9criture, r\u00e9alisation et mise en onde de\u00a0la s\u00e9rie documentaire \u00ab\u00a0G\u00e9orgie, ta polyphonie nous relie\u00a0\u00bb A plusieurs milliers de kilom\u00e8tres de Tbilissi, des voix font vibrer Mont Louis, un petit village nich\u00e9 au c\u0153ur des Pyr\u00e9n\u00e9es orientales. Ces voix chantent des polyphonies g\u00e9orgiennes et nous questionnent sur la vie en collectivit\u00e9 : comment trouver sa place [&hellip;]<\/p>\n","protected":false},"author":1,"featured_media":2080,"comment_status":"closed","ping_status":"closed","sticky":false,"template":"","format":"standard","meta":[],"categories":[10,1],"tags":[],"jetpack_featured_media_url":"https:\/\/leachevrier.fr\/wp-content\/uploads\/2023\/10\/1citadelle_de_mont-louis_classe_a_lunesco_sascha._burkhardt.jpg","_links":{"self":[{"href":"https:\/\/leachevrier.fr\/index.php\/wp-json\/wp\/v2\/posts\/2072"}],"collection":[{"href":"https:\/\/leachevrier.fr\/index.php\/wp-json\/wp\/v2\/posts"}],"about":[{"href":"https:\/\/leachevrier.fr\/index.php\/wp-json\/wp\/v2\/types\/post"}],"author":[{"embeddable":true,"href":"https:\/\/leachevrier.fr\/index.php\/wp-json\/wp\/v2\/users\/1"}],"replies":[{"embeddable":true,"href":"https:\/\/leachevrier.fr\/index.php\/wp-json\/wp\/v2\/comments?post=2072"}],"version-history":[{"count":9,"href":"https:\/\/leachevrier.fr\/index.php\/wp-json\/wp\/v2\/posts\/2072\/revisions"}],"predecessor-version":[{"id":2568,"href":"https:\/\/leachevrier.fr\/index.php\/wp-json\/wp\/v2\/posts\/2072\/revisions\/2568"}],"wp:featuredmedia":[{"embeddable":true,"href":"https:\/\/leachevrier.fr\/index.php\/wp-json\/wp\/v2\/media\/2080"}],"wp:attachment":[{"href":"https:\/\/leachevrier.fr\/index.php\/wp-json\/wp\/v2\/media?parent=2072"}],"wp:term":[{"taxonomy":"category","embeddable":true,"href":"https:\/\/leachevrier.fr\/index.php\/wp-json\/wp\/v2\/categories?post=2072"},{"taxonomy":"post_tag","embeddable":true,"href":"https:\/\/leachevrier.fr\/index.php\/wp-json\/wp\/v2\/tags?post=2072"}],"curies":[{"name":"wp","href":"https:\/\/api.w.org\/{rel}","templated":true}]}}