{"id":131,"date":"2018-06-09T13:59:59","date_gmt":"2018-06-09T11:59:59","guid":{"rendered":"http:\/\/leachevrier.fr\/?p=131"},"modified":"2024-10-15T11:02:56","modified_gmt":"2024-10-15T09:02:56","slug":"phobies","status":"publish","type":"post","link":"https:\/\/leachevrier.fr\/index.php\/2018\/06\/09\/phobies\/","title":{"rendered":"Les phobies &#8211; FRANCE CULTURE"},"content":{"rendered":"\n<p>Auteure de<strong> Les Phobies<\/strong>, un documentaire radiophonique, en collaboration avec Fabienne Laumonier. <br>En \u00e9coute <a href=\"https:\/\/www.radiofrance.fr\/franceculture\/podcasts\/sur-les-docks\/les-phobies-4779161\">sur le site de France Culture<\/a>.<\/p>\n\n\n\n<div class=\"wp-block-image\"><figure class=\"aligncenter\"><img loading=\"lazy\" width=\"838\" height=\"557\" src=\"http:\/\/leachevrier.fr\/wp-content\/uploads\/2018\/06\/838_phobies2_fabienne_laumonnier.jpg\" alt=\"\" class=\"wp-image-504\" srcset=\"https:\/\/leachevrier.fr\/wp-content\/uploads\/2018\/06\/838_phobies2_fabienne_laumonnier.jpg 838w, https:\/\/leachevrier.fr\/wp-content\/uploads\/2018\/06\/838_phobies2_fabienne_laumonnier-150x100.jpg 150w, https:\/\/leachevrier.fr\/wp-content\/uploads\/2018\/06\/838_phobies2_fabienne_laumonnier-300x199.jpg 300w, https:\/\/leachevrier.fr\/wp-content\/uploads\/2018\/06\/838_phobies2_fabienne_laumonnier-768x510.jpg 768w\" sizes=\"(max-width: 838px) 100vw, 838px\" \/><\/figure><\/div>\n\n\n\n<p><strong>Les Phobies<\/strong> est un documentaire radiophonique cr\u00e9\u00e9 pour l&rsquo;\u00e9mission \u00ab\u00a0Sur les docks\u00a0\u00bb de France Culture.<\/p>\n\n\n\n<p>A partir de t\u00e9moignages, ce documentaire explore le&nbsp; \u00ab\u00a0m\u00e9canisme phobique\u00a0\u00bb et raconte l\u2019emprise de l\u2019imaginaire sur la raison.<\/p>\n\n\n\n<p><br><strong>CR\u00c9DITS<\/strong><br>Auteures : Fabienne Laumonier et L\u00e9a Chevrier<br>R\u00e9alisation : Fran\u00e7ois Teste<br>Voix : Jean-Charles Pascal, Marie-Claude Dantan, Richard, Sol\u00e8ne, J\u00e9r\u00f4me, Corinne, Aur\u00e9lie, Fanny et Clim\u00e8ne<\/p>\n\n\n\n<h2><br><br>APIPHOBE<\/h2>\n\n\n\n<p>Pour accompagner ce documentaire, <strong>Apiphobe<\/strong>, une courte cr\u00e9ation en binaural, nous conte le r\u00eave angoiss\u00e9 de Sandrine, en collaboration avec Fabienne Laumonier.<\/p>\n\n\n\n<figure class=\"wp-block-embed-dailymotion wp-block-embed is-type-video is-provider-dailymotion wp-embed-aspect-16-9 wp-has-aspect-ratio\"><div class=\"wp-block-embed__wrapper\">\n<iframe title=\"Avez-vous peur des abeilles?\" frameborder=\"0\" width=\"1180\" height=\"663\" src=\"https:\/\/geo.dailymotion.com\/player.html?video=x4diqvr&#038;\" allowfullscreen allow=\"autoplay; fullscreen; picture-in-picture; web-share\"><\/iframe>\n<\/div><\/figure>\n\n\n\n<p><em>Cette cr\u00e9ation sonore est en binaural, n\u2019oubliez pas d\u2019enfiler votre plus beau casque audio !<\/em><\/p>\n\n\n\n<p><br><strong>CR\u00c9DITS<\/strong><br>Mise en Onde : Fabienne Laumonier, L\u00e9a Chevrier et Herv\u00e9 Dejardin<br>Voix : Marie pi\u00e9montaise<br><br><\/p>\n","protected":false},"excerpt":{"rendered":"<p>Auteure de Les Phobies, un documentaire radiophonique, en collaboration avec Fabienne Laumonier. En \u00e9coute sur le site de France Culture. Les Phobies est un documentaire radiophonique cr\u00e9\u00e9 pour l&rsquo;\u00e9mission \u00ab\u00a0Sur les docks\u00a0\u00bb de France Culture. A partir de t\u00e9moignages, ce documentaire explore le&nbsp; \u00ab\u00a0m\u00e9canisme phobique\u00a0\u00bb et raconte l\u2019emprise de l\u2019imaginaire sur la raison. CR\u00c9DITSAuteures : [&hellip;]<\/p>\n","protected":false},"author":1,"featured_media":278,"comment_status":"closed","ping_status":"closed","sticky":false,"template":"","format":"standard","meta":[],"categories":[9,10,1],"tags":[],"jetpack_featured_media_url":"https:\/\/leachevrier.fr\/wp-content\/uploads\/2019\/05\/anxiety-2878777_960_720.jpg","_links":{"self":[{"href":"https:\/\/leachevrier.fr\/index.php\/wp-json\/wp\/v2\/posts\/131"}],"collection":[{"href":"https:\/\/leachevrier.fr\/index.php\/wp-json\/wp\/v2\/posts"}],"about":[{"href":"https:\/\/leachevrier.fr\/index.php\/wp-json\/wp\/v2\/types\/post"}],"author":[{"embeddable":true,"href":"https:\/\/leachevrier.fr\/index.php\/wp-json\/wp\/v2\/users\/1"}],"replies":[{"embeddable":true,"href":"https:\/\/leachevrier.fr\/index.php\/wp-json\/wp\/v2\/comments?post=131"}],"version-history":[{"count":43,"href":"https:\/\/leachevrier.fr\/index.php\/wp-json\/wp\/v2\/posts\/131\/revisions"}],"predecessor-version":[{"id":2550,"href":"https:\/\/leachevrier.fr\/index.php\/wp-json\/wp\/v2\/posts\/131\/revisions\/2550"}],"wp:featuredmedia":[{"embeddable":true,"href":"https:\/\/leachevrier.fr\/index.php\/wp-json\/wp\/v2\/media\/278"}],"wp:attachment":[{"href":"https:\/\/leachevrier.fr\/index.php\/wp-json\/wp\/v2\/media?parent=131"}],"wp:term":[{"taxonomy":"category","embeddable":true,"href":"https:\/\/leachevrier.fr\/index.php\/wp-json\/wp\/v2\/categories?post=131"},{"taxonomy":"post_tag","embeddable":true,"href":"https:\/\/leachevrier.fr\/index.php\/wp-json\/wp\/v2\/tags?post=131"}],"curies":[{"name":"wp","href":"https:\/\/api.w.org\/{rel}","templated":true}]}}