{"id":1236,"date":"2021-03-29T09:58:24","date_gmt":"2021-03-29T07:58:24","guid":{"rendered":"http:\/\/leachevrier.fr\/?p=1236"},"modified":"2024-10-15T11:08:47","modified_gmt":"2024-10-15T09:08:47","slug":"sonorites-de-chine","status":"publish","type":"post","link":"https:\/\/leachevrier.fr\/index.php\/2021\/03\/29\/sonorites-de-chine\/","title":{"rendered":"Sonorit\u00e9s de Chine"},"content":{"rendered":"\n<p>\u00c9criture et r\u00e9alisation de cette s\u00e9rie sonore en 4 \u00e9pisodes diffus\u00e9e dans <a href=\"http:\/\/canalb.fr\/cremedelacreme\">Cr\u00e8me de la cr\u00e8me<\/a> sur <a href=\"http:\/\/canalb.fr\/\">CanalB<\/a> du 29 mars au 1 avril 2021.<\/p>\n\n\n\n<figure class=\"wp-block-image size-large\"><img loading=\"lazy\" width=\"1024\" height=\"576\" src=\"http:\/\/leachevrier.fr\/wp-content\/uploads\/2021\/03\/IMG_0502-1.jpg\" alt=\"\" class=\"wp-image-1269\" srcset=\"https:\/\/leachevrier.fr\/wp-content\/uploads\/2021\/03\/IMG_0502-1.jpg 1024w, https:\/\/leachevrier.fr\/wp-content\/uploads\/2021\/03\/IMG_0502-1-300x169.jpg 300w, https:\/\/leachevrier.fr\/wp-content\/uploads\/2021\/03\/IMG_0502-1-150x84.jpg 150w, https:\/\/leachevrier.fr\/wp-content\/uploads\/2021\/03\/IMG_0502-1-768x432.jpg 768w\" sizes=\"(max-width: 1024px) 100vw, 1024px\" \/><\/figure>\n\n\n\n<p><em>Sonorit\u00e9s de Chine<\/em> donne \u00e0 entendre des sons enregistr\u00e9s en binaural lors d\u2019un voyage en Chine. Organis\u00e9e autour de quatre th\u00e8mes, cette s\u00e9rie sonore explore la musicalit\u00e9 du mandarin, la diversit\u00e9 de la culture culinaire, le bruit des rues et le contraste des ambiances sonores dans les diff\u00e9rents moyens de transport.<\/p>\n\n\n\n<p>Faites voyager vos oreilles dans les rues peupl\u00e9es de Yangshuo, dans la cuisine all\u00e9chante d\u2019une maison traditionnelle chinoise, dans un march\u00e9 color\u00e9 ou encore dans la gare bond\u00e9e de Nanning !<\/p>\n\n\n\n<p><em>Cette cr\u00e9ation sonore est en binaural, n\u2019oubliez pas d\u2019enfiler votre plus beau casque audio !<\/em><\/p>\n\n\n\n<figure class=\"wp-block-embed-soundcloud wp-block-embed is-type-rich is-provider-soundcloud wp-embed-aspect-4-3 wp-has-aspect-ratio\"><div class=\"wp-block-embed__wrapper\">\n<iframe title=\"Sonorit\u00e9s de Chine by L\u00e9a Chevrier - Cr\u00e9ation sonore\" width=\"1180\" height=\"450\" scrolling=\"no\" frameborder=\"no\" src=\"https:\/\/w.soundcloud.com\/player\/?visual=true&#038;url=https%3A%2F%2Fapi.soundcloud.com%2Fplaylists%2F1704472104&#038;show_artwork=true&#038;maxheight=1000&#038;maxwidth=1180\"><\/iframe>\n<\/div><\/figure>\n\n\n\n<p><br><strong>CR\u00c9DITS<\/strong><br>\u00c9criture et r\u00e9alisation sonore : L\u00e9a Chevrier<br>Voix off : Clo\u00e9 Chope<br>Voix en mandarin : Xiajiao Yan, Panisa Srinark, Titiworada Kaewkalong et Antoine Lequeux<br><br>Extrait de film : \u00ab\u00a0La cit\u00e9 de la peur\u00a0\u00bb, un film de <em>Les Nuls<\/em>, r\u00e9alis\u00e9 par Alain Berb\u00e9rian, 1994<br><br>Merci \u00e0 Natacha Chevrier, docteure en phonologie, pour son aide \u00e0 l\u2019\u00e9criture du premier \u00e9pisode,<br>Merci \u00e0 Simon Cacheux, H\u00e9l\u00e8ne Merlin, Adrien Llave, Justine Hou\u00e9e et Gwenn Benech pour leur \u00e9coute attentive et leur soutien,<br>Merci \u00e0 CanalB et \u00e0 Yann pour leur confiance, <br>Enfin, merci \u00e0 toutes les personnes que j\u2019ai pu enregistrer en Chine pendant mon voyage !<\/p>\n","protected":false},"excerpt":{"rendered":"<p>\u00c9criture et r\u00e9alisation de cette s\u00e9rie sonore en 4 \u00e9pisodes diffus\u00e9e dans Cr\u00e8me de la cr\u00e8me sur CanalB du 29 mars au 1 avril 2021. Sonorit\u00e9s de Chine donne \u00e0 entendre des sons enregistr\u00e9s en binaural lors d\u2019un voyage en Chine. Organis\u00e9e autour de quatre th\u00e8mes, cette s\u00e9rie sonore explore la musicalit\u00e9 du mandarin, la [&hellip;]<\/p>\n","protected":false},"author":1,"featured_media":1240,"comment_status":"closed","ping_status":"closed","sticky":false,"template":"","format":"standard","meta":[],"categories":[9,1],"tags":[],"jetpack_featured_media_url":"https:\/\/leachevrier.fr\/wp-content\/uploads\/2021\/03\/DSCN4429-1-e1617005339934.jpg","_links":{"self":[{"href":"https:\/\/leachevrier.fr\/index.php\/wp-json\/wp\/v2\/posts\/1236"}],"collection":[{"href":"https:\/\/leachevrier.fr\/index.php\/wp-json\/wp\/v2\/posts"}],"about":[{"href":"https:\/\/leachevrier.fr\/index.php\/wp-json\/wp\/v2\/types\/post"}],"author":[{"embeddable":true,"href":"https:\/\/leachevrier.fr\/index.php\/wp-json\/wp\/v2\/users\/1"}],"replies":[{"embeddable":true,"href":"https:\/\/leachevrier.fr\/index.php\/wp-json\/wp\/v2\/comments?post=1236"}],"version-history":[{"count":51,"href":"https:\/\/leachevrier.fr\/index.php\/wp-json\/wp\/v2\/posts\/1236\/revisions"}],"predecessor-version":[{"id":2560,"href":"https:\/\/leachevrier.fr\/index.php\/wp-json\/wp\/v2\/posts\/1236\/revisions\/2560"}],"wp:featuredmedia":[{"embeddable":true,"href":"https:\/\/leachevrier.fr\/index.php\/wp-json\/wp\/v2\/media\/1240"}],"wp:attachment":[{"href":"https:\/\/leachevrier.fr\/index.php\/wp-json\/wp\/v2\/media?parent=1236"}],"wp:term":[{"taxonomy":"category","embeddable":true,"href":"https:\/\/leachevrier.fr\/index.php\/wp-json\/wp\/v2\/categories?post=1236"},{"taxonomy":"post_tag","embeddable":true,"href":"https:\/\/leachevrier.fr\/index.php\/wp-json\/wp\/v2\/tags?post=1236"}],"curies":[{"name":"wp","href":"https:\/\/api.w.org\/{rel}","templated":true}]}}